{"id":228,"date":"2019-08-01T18:22:30","date_gmt":"2019-08-01T18:22:30","guid":{"rendered":"http:\/\/dasnatlab.de\/?p=228"},"modified":"2019-08-02T05:54:40","modified_gmt":"2019-08-02T05:54:40","slug":"klimawald-im-waldlabor-koln","status":"publish","type":"post","link":"http:\/\/dasnatlab.de\/index.php\/2019\/08\/01\/klimawald-im-waldlabor-koln\/","title":{"rendered":"Klimawald im Waldlabor K\u00f6ln"},"content":{"rendered":"\n<p>Der Klimawald geh\u00f6rt zum <a href=\"https:\/\/www.koeln-waldlabor.de\/das-waldlabor-koeln\" target=\"_blank\" rel=\"noreferrer noopener\" aria-label=\"Waldlabor K\u00f6ln (opens in a new tab)\">Waldlabor K\u00f6ln<\/a>,  einem Gemeinschaftsprojekt von Toyota, RheinEnergie und der Stadt K\u00f6ln. Seit 2010 wurden dort neue Geh\u00f6lze und Waldbilder angelegt und untersucht. <\/p>\n\n\n\n<blockquote class=\"wp-block-quote\"><p>\u201eDie Ver\u00e4nderung des Klimas &#8211; mit Hitze in der Vegetationsperiode und der Verschiebung der gr\u00f6\u00dften Niederschlagsmengen in das Winterhalbjahr &#8211; wirft die Frage auf, welche Baumarten k\u00fcnftig in Stadtw\u00e4ldern gedeihen. Einige Baumarten werden sich in Zukunft nicht mehr f\u00fcr bestimmte Standorte eignen oder es kommen neue Arten hinzu. Im Klimawald (1,5 Hektar) sollen dar\u00fcber genauere Erkenntnisse gewonnen werden.\u201c<\/p><\/blockquote>\n\n\n\n<p>Die Auswahl der Baumarten f\u00fcr den Klimawald basierte auf einem Gutachten von Prof. Andreas Roloff (TU Dresden). Ein wesentliches Auswahl-Kriterium war darin die Toleranz gegen\u00fcber andauernden Trockenphasen.<\/p>\n\n\n\n<p>Im Herbst 2019 wird das Natlab neun Klimabaumarten untersuchen. Davon wachsen sechs in den Einarthainen des Klimawaldes (Elsbeere, Echte Mehlbeere, Flaumeiche, Walnuss, K\u00fcstentanne, Blauglockenbaum). Weitere drei Baumarten wachsen in \u00e4hnlichen, kleinen Reinbest\u00e4nden an anderen Stellen auf dem Gel\u00e4nde des Waldlabors (Birke, Kirsche, Esskastanie).<\/p>\n\n\n\n<figure class=\"wp-block-image\"><img decoding=\"async\" loading=\"lazy\" width=\"1024\" height=\"768\" src=\"http:\/\/dasnatlab.de\/wp-content\/uploads\/2019\/08\/PC188435-em-Quercus-pubescens-1024x768.jpg\" alt=\"\" class=\"wp-image-230\" srcset=\"http:\/\/dasnatlab.de\/wp-content\/uploads\/2019\/08\/PC188435-em-Quercus-pubescens-1024x768.jpg 1024w, http:\/\/dasnatlab.de\/wp-content\/uploads\/2019\/08\/PC188435-em-Quercus-pubescens-300x225.jpg 300w, http:\/\/dasnatlab.de\/wp-content\/uploads\/2019\/08\/PC188435-em-Quercus-pubescens-768x576.jpg 768w, http:\/\/dasnatlab.de\/wp-content\/uploads\/2019\/08\/PC188435-em-Quercus-pubescens-800x600.jpg 800w, http:\/\/dasnatlab.de\/wp-content\/uploads\/2019\/08\/PC188435-em-Quercus-pubescens-400x300.jpg 400w, http:\/\/dasnatlab.de\/wp-content\/uploads\/2019\/08\/PC188435-em-Quercus-pubescens.jpg 1400w\" sizes=\"(max-width: 1024px) 100vw, 1024px\" \/><figcaption>Flaumeiche (Quercus pubescens) im Klimawald, Waldlabor K\u00f6ln, 03\/2019<\/figcaption><\/figure>\n\n\n\n<p><\/p>\n","protected":false},"excerpt":{"rendered":"<p>Im Klimawald im Waldlabor K\u00f6ln wird das Natlab ab September 2019 die Zuw\u00e4chse an 9 Klimabaumarten messen. Es geht darum herauszufinden, welche Baumarten bei Hitze und Trockenstress zuk\u00fcnftig noch gedeihen k\u00f6nnen.<\/p>\n","protected":false},"author":1,"featured_media":0,"comment_status":"open","ping_status":"open","sticky":false,"template":"","format":"standard","meta":[],"categories":[17],"tags":[21,19,18,20,22],"yoast_head":"<!-- This site is optimized with the Yoast SEO plugin v19.13 - https:\/\/yoast.com\/wordpress\/plugins\/seo\/ -->\n<title>Klimawald im Waldlabor K\u00f6ln &middot; Das Natlab<\/title>\n<meta name=\"robots\" content=\"noindex, follow\" \/>\n<meta property=\"og:locale\" content=\"en_US\" \/>\n<meta property=\"og:type\" content=\"article\" \/>\n<meta property=\"og:title\" content=\"Klimawald im Waldlabor K\u00f6ln &middot; Das Natlab\" \/>\n<meta property=\"og:description\" content=\"Im Klimawald im Waldlabor K\u00f6ln wird das Natlab ab September 2019 die Zuw\u00e4chse an 9 Klimabaumarten messen. Es geht darum herauszufinden, welche Baumarten bei Hitze und Trockenstress zuk\u00fcnftig noch gedeihen k\u00f6nnen.\" \/>\n<meta property=\"og:url\" content=\"http:\/\/dasnatlab.de\/index.php\/2019\/08\/01\/klimawald-im-waldlabor-koln\/\" \/>\n<meta property=\"og:site_name\" content=\"Das Natlab\" \/>\n<meta property=\"article:published_time\" content=\"2019-08-01T18:22:30+00:00\" \/>\n<meta property=\"article:modified_time\" content=\"2019-08-02T05:54:40+00:00\" \/>\n<meta property=\"og:image\" content=\"http:\/\/dasnatlab.de\/wp-content\/uploads\/2019\/08\/PC188435-em-Quercus-pubescens-1024x768.jpg\" \/>\n<meta name=\"author\" content=\"Melanie Forker\" \/>\n<meta name=\"twitter:card\" content=\"summary_large_image\" \/>\n<meta name=\"twitter:label1\" content=\"Written by\" \/>\n\t<meta name=\"twitter:data1\" content=\"Melanie Forker\" \/>\n\t<meta name=\"twitter:label2\" content=\"Est. reading time\" \/>\n\t<meta name=\"twitter:data2\" content=\"1 minute\" \/>\n<script type=\"application\/ld+json\" class=\"yoast-schema-graph\">{\"@context\":\"https:\/\/schema.org\",\"@graph\":[{\"@type\":\"WebPage\",\"@id\":\"http:\/\/dasnatlab.de\/index.php\/2019\/08\/01\/klimawald-im-waldlabor-koln\/\",\"url\":\"http:\/\/dasnatlab.de\/index.php\/2019\/08\/01\/klimawald-im-waldlabor-koln\/\",\"name\":\"Klimawald im Waldlabor K\u00f6ln &middot; Das Natlab\",\"isPartOf\":{\"@id\":\"http:\/\/dasnatlab.de\/#website\"},\"datePublished\":\"2019-08-01T18:22:30+00:00\",\"dateModified\":\"2019-08-02T05:54:40+00:00\",\"author\":{\"@id\":\"http:\/\/dasnatlab.de\/#\/schema\/person\/aab01486ec4f59e011ac249e04337f30\"},\"breadcrumb\":{\"@id\":\"http:\/\/dasnatlab.de\/index.php\/2019\/08\/01\/klimawald-im-waldlabor-koln\/#breadcrumb\"},\"inLanguage\":\"en-US\",\"potentialAction\":[{\"@type\":\"ReadAction\",\"target\":[\"http:\/\/dasnatlab.de\/index.php\/2019\/08\/01\/klimawald-im-waldlabor-koln\/\"]}]},{\"@type\":\"BreadcrumbList\",\"@id\":\"http:\/\/dasnatlab.de\/index.php\/2019\/08\/01\/klimawald-im-waldlabor-koln\/#breadcrumb\",\"itemListElement\":[{\"@type\":\"ListItem\",\"position\":1,\"name\":\"Home\",\"item\":\"http:\/\/dasnatlab.de\/\"},{\"@type\":\"ListItem\",\"position\":2,\"name\":\"Klimawald im Waldlabor K\u00f6ln\"}]},{\"@type\":\"WebSite\",\"@id\":\"http:\/\/dasnatlab.de\/#website\",\"url\":\"http:\/\/dasnatlab.de\/\",\"name\":\"Das Natlab\",\"description\":\"Planung. Daten. Arboristik.\",\"potentialAction\":[{\"@type\":\"SearchAction\",\"target\":{\"@type\":\"EntryPoint\",\"urlTemplate\":\"http:\/\/dasnatlab.de\/?s={search_term_string}\"},\"query-input\":\"required name=search_term_string\"}],\"inLanguage\":\"en-US\"},{\"@type\":\"Person\",\"@id\":\"http:\/\/dasnatlab.de\/#\/schema\/person\/aab01486ec4f59e011ac249e04337f30\",\"name\":\"Melanie Forker\",\"image\":{\"@type\":\"ImageObject\",\"inLanguage\":\"en-US\",\"@id\":\"http:\/\/dasnatlab.de\/#\/schema\/person\/image\/\",\"url\":\"http:\/\/2.gravatar.com\/avatar\/85af724d74a41710ef95f8698866548e?s=96&d=mm&r=g\",\"contentUrl\":\"http:\/\/2.gravatar.com\/avatar\/85af724d74a41710ef95f8698866548e?s=96&d=mm&r=g\",\"caption\":\"Melanie Forker\"}}]}<\/script>\n<!-- \/ Yoast SEO plugin. -->","yoast_head_json":{"title":"Klimawald im Waldlabor K\u00f6ln &middot; Das Natlab","robots":{"index":"noindex","follow":"follow"},"og_locale":"en_US","og_type":"article","og_title":"Klimawald im Waldlabor K\u00f6ln &middot; Das Natlab","og_description":"Im Klimawald im Waldlabor K\u00f6ln wird das Natlab ab September 2019 die Zuw\u00e4chse an 9 Klimabaumarten messen. Es geht darum herauszufinden, welche Baumarten bei Hitze und Trockenstress zuk\u00fcnftig noch gedeihen k\u00f6nnen.","og_url":"http:\/\/dasnatlab.de\/index.php\/2019\/08\/01\/klimawald-im-waldlabor-koln\/","og_site_name":"Das Natlab","article_published_time":"2019-08-01T18:22:30+00:00","article_modified_time":"2019-08-02T05:54:40+00:00","og_image":[{"url":"http:\/\/dasnatlab.de\/wp-content\/uploads\/2019\/08\/PC188435-em-Quercus-pubescens-1024x768.jpg"}],"author":"Melanie Forker","twitter_card":"summary_large_image","twitter_misc":{"Written by":"Melanie Forker","Est. reading time":"1 minute"},"schema":{"@context":"https:\/\/schema.org","@graph":[{"@type":"WebPage","@id":"http:\/\/dasnatlab.de\/index.php\/2019\/08\/01\/klimawald-im-waldlabor-koln\/","url":"http:\/\/dasnatlab.de\/index.php\/2019\/08\/01\/klimawald-im-waldlabor-koln\/","name":"Klimawald im Waldlabor K\u00f6ln &middot; Das Natlab","isPartOf":{"@id":"http:\/\/dasnatlab.de\/#website"},"datePublished":"2019-08-01T18:22:30+00:00","dateModified":"2019-08-02T05:54:40+00:00","author":{"@id":"http:\/\/dasnatlab.de\/#\/schema\/person\/aab01486ec4f59e011ac249e04337f30"},"breadcrumb":{"@id":"http:\/\/dasnatlab.de\/index.php\/2019\/08\/01\/klimawald-im-waldlabor-koln\/#breadcrumb"},"inLanguage":"en-US","potentialAction":[{"@type":"ReadAction","target":["http:\/\/dasnatlab.de\/index.php\/2019\/08\/01\/klimawald-im-waldlabor-koln\/"]}]},{"@type":"BreadcrumbList","@id":"http:\/\/dasnatlab.de\/index.php\/2019\/08\/01\/klimawald-im-waldlabor-koln\/#breadcrumb","itemListElement":[{"@type":"ListItem","position":1,"name":"Home","item":"http:\/\/dasnatlab.de\/"},{"@type":"ListItem","position":2,"name":"Klimawald im Waldlabor K\u00f6ln"}]},{"@type":"WebSite","@id":"http:\/\/dasnatlab.de\/#website","url":"http:\/\/dasnatlab.de\/","name":"Das Natlab","description":"Planung. Daten. Arboristik.","potentialAction":[{"@type":"SearchAction","target":{"@type":"EntryPoint","urlTemplate":"http:\/\/dasnatlab.de\/?s={search_term_string}"},"query-input":"required name=search_term_string"}],"inLanguage":"en-US"},{"@type":"Person","@id":"http:\/\/dasnatlab.de\/#\/schema\/person\/aab01486ec4f59e011ac249e04337f30","name":"Melanie Forker","image":{"@type":"ImageObject","inLanguage":"en-US","@id":"http:\/\/dasnatlab.de\/#\/schema\/person\/image\/","url":"http:\/\/2.gravatar.com\/avatar\/85af724d74a41710ef95f8698866548e?s=96&d=mm&r=g","contentUrl":"http:\/\/2.gravatar.com\/avatar\/85af724d74a41710ef95f8698866548e?s=96&d=mm&r=g","caption":"Melanie Forker"}}]}},"_links":{"self":[{"href":"http:\/\/dasnatlab.de\/index.php\/wp-json\/wp\/v2\/posts\/228"}],"collection":[{"href":"http:\/\/dasnatlab.de\/index.php\/wp-json\/wp\/v2\/posts"}],"about":[{"href":"http:\/\/dasnatlab.de\/index.php\/wp-json\/wp\/v2\/types\/post"}],"author":[{"embeddable":true,"href":"http:\/\/dasnatlab.de\/index.php\/wp-json\/wp\/v2\/users\/1"}],"replies":[{"embeddable":true,"href":"http:\/\/dasnatlab.de\/index.php\/wp-json\/wp\/v2\/comments?post=228"}],"version-history":[{"count":5,"href":"http:\/\/dasnatlab.de\/index.php\/wp-json\/wp\/v2\/posts\/228\/revisions"}],"predecessor-version":[{"id":277,"href":"http:\/\/dasnatlab.de\/index.php\/wp-json\/wp\/v2\/posts\/228\/revisions\/277"}],"wp:attachment":[{"href":"http:\/\/dasnatlab.de\/index.php\/wp-json\/wp\/v2\/media?parent=228"}],"wp:term":[{"taxonomy":"category","embeddable":true,"href":"http:\/\/dasnatlab.de\/index.php\/wp-json\/wp\/v2\/categories?post=228"},{"taxonomy":"post_tag","embeddable":true,"href":"http:\/\/dasnatlab.de\/index.php\/wp-json\/wp\/v2\/tags?post=228"}],"curies":[{"name":"wp","href":"https:\/\/api.w.org\/{rel}","templated":true}]}}